{"id":1009,"date":"2018-09-03T18:26:23","date_gmt":"2018-09-03T18:26:23","guid":{"rendered":"https:\/\/gud-zwingenberg.de\/?p=1009"},"modified":"2018-10-23T05:05:22","modified_gmt":"2018-10-23T05:05:22","slug":"anfrage-auslastung-der-kindertagesstaetten-wie-ist-es-in-zwingenberg-um-die-betreuung-der-kinder-bestellt","status":"publish","type":"post","link":"https:\/\/gud-zwingenberg.de\/?p=1009","title":{"rendered":"Anfrage: Auslastung der Kindertagesst\u00e4tten &#8211; Wie ist es in Zwingenberg um die Kinderbetreuung bestellt?"},"content":{"rendered":"<p>Uns ist die Betreuung der Zwingenberger Kinder wichtig! Deshalb haken wir nach. Wir wollen uns ein Bild von der Betreuungssituation an unseren Kindertagesst\u00e4tten machen. Uns interessiert, ob diese im neuen Kindergartenjahr, ab dem 01.08.2018, ausreichend f\u00fcr Ihre Betreuungsaufgaben ausgestattet wurden.<\/p>\n<p>In unserer, f\u00fcr die Stadtverordnetenversammlung am 06.09.2018 vorbereiteten Anfrage, wollen wir wissen (Zitat):<\/p>\n<blockquote><p><strong>Wie viele Pl\u00e4tze nominal und wie viele belegbare Pl\u00e4tze (z.B. nach Abzug von Integrationspl\u00e4tzen) gibt es zu Beginn des Kindergartenjahres zum 1.8.2018 in den jeweiligen Kinderg\u00e4rten?<\/strong><\/p>\n<p>a. Kindergarten Zwingenberg<br \/>\nb. Kindergarten Rodau<br \/>\nc. Ev. Kindergarten<\/p>\n<p><strong>Konnten zum 1.8.2018 alle angemeldeten Kinder aufgenommen werden?<\/strong><\/p>\n<p>Wenn nein, gibt es eine Warteliste f\u00fcr wie viele Kinder?<br \/>\nWenn ja, gibt es noch freie Pl\u00e4tze f\u00fcr wie viele Kinder?<br \/>\nGibt es bereits Voranmeldungen f\u00fcr die Zeit nach dem 1.8.2018?<\/p>\n<p><strong>Wie viele Kinder aus Nachbarkommunen werden in den Zwingenberger Kindertagesst\u00e4tten betreut?<\/strong><\/p>\n<p>Wie viele Pl\u00e4tze f\u00fcr Mittagesessen gibt es?<\/p>\n<p>a. Kindergarten Zwingenberg<br \/>\nb. Kindergarten Rodau<br \/>\nc. Evangelischer Kindergarten<\/p>\n<p><strong>Kann allen Kindern, falls gew\u00fcnscht, ein Mittagsessenplatz zur Verf\u00fcgung gestellt werden?<\/strong><\/p>\n<p>&#8211; Gibt es noch freie Pl\u00e4tze f\u00fcr einen Mittagsessenplatz? Wenn ja, wie viele?<br \/>\n&#8211; Gibt es eine Warteliste f\u00fcr einen Mittagsessenplatz? Wenn ja, wie viele Kinder sind auf der Warteliste vermerkt?<\/p>\n<p><strong>Wie viele Kinder unter 3 Jahren werden in den Kinderg\u00e4rten betreut? \u00a0<\/strong><\/p>\n<p><strong>Wie viele Kinder unter drei Jahren werden ab 1.8.2018 bei den Zwingenberger Zwergen betreut?<\/strong><\/p>\n<p><strong>Gibt es eine Warteliste?<\/strong><\/p>\n<p><strong>Wie viele Kinder aus Nachbarkommunen werden bei den Zwingenberger Zwergen betreut?<\/strong><\/p>\n<p><strong>Betreuung von Schulkindern am Nachmittag:<\/strong><\/p>\n<p><strong>Wie ist der Stand der Suche nach einem Betreiber f\u00fcr den Pakt f\u00fcr den Nachmittag?<\/strong><\/p>\n<p><strong>Begr\u00fcndung:<\/strong><\/p>\n<p>In der Stadtverordnetenversammlung am 3. Mai 2018 wurde die Bedarfsplanung f\u00fcr die Jahre 2017-2020 zur Betreuung von Kindern von 1-10 Jahren in Zwingenberg diskutiert.<\/p>\n<p>Nach Beendigung der Anmeldefrist f\u00fcr das n\u00e4chste Betreuungsjahr ist es von gro\u00dfem Interesse, wie sich die Situation ab dem 1.8.2018 in Zwingenberg darstellt.<\/p><\/blockquote>\n<p>Die Anfrage, in Form des vorab eingereichten Schreibens finden Sie <a href=\"http:\/\/gud-zwingenberg.de\/?attachment_id=1017\">hier<\/a>.<\/p>\n<p>Das Protokoll kann, sobald verf\u00fcgbar, \u00fcber diesen <a href=\"https:\/\/zwingenberg.more-rubin1.de\/sitzungen_top.php?sid=2018-STVO-46\">Link zum Rats- und B\u00fcrgerinfosystem<\/a> erreicht werden.<\/p>\n","protected":false},"excerpt":{"rendered":"<p>Uns ist die Betreuung der Zwingenberger Kinder wichtig! Deshalb haken wir nach. Wir wollen uns ein Bild von der Betreuungssituation an unseren Kindertagesst\u00e4tten machen. Uns interessiert, ob diese im neuen Kindergartenjahr, ab dem 01.08.2018, ausreichend f\u00fcr Ihre Betreuungsaufgaben ausgestattet wurden. In unserer, f\u00fcr die Stadtverordnetenversammlung am 06.09.2018 vorbereiteten Anfrage, wollen wir wissen (Zitat): Wie viele &hellip; <a href=\"https:\/\/gud-zwingenberg.de\/?p=1009\" class=\"more-link\"><span class=\"screen-reader-text\">Anfrage: Auslastung der Kindertagesst\u00e4tten &#8211; Wie ist es in Zwingenberg um die Kinderbetreuung bestellt?<\/span> weiterlesen<\/a><\/p>\n","protected":false},"author":2,"featured_media":0,"comment_status":"closed","ping_status":"closed","sticky":false,"template":"","format":"standard","meta":{"_jetpack_memberships_contains_paid_content":false,"footnotes":"","jetpack_publicize_message":"","jetpack_publicize_feature_enabled":true,"jetpack_social_post_already_shared":true,"jetpack_social_options":{"image_generator_settings":{"template":"highway","default_image_id":0,"font":"","enabled":false},"version":2}},"categories":[14],"tags":[],"class_list":["post-1009","post","type-post","status-publish","format-standard","hentry","category-anfrage"],"jetpack_publicize_connections":[],"jetpack_featured_media_url":"","jetpack_sharing_enabled":true,"jetpack_shortlink":"https:\/\/wp.me\/p7BMaa-gh","jetpack-related-posts":[],"_links":{"self":[{"href":"https:\/\/gud-zwingenberg.de\/index.php?rest_route=\/wp\/v2\/posts\/1009","targetHints":{"allow":["GET"]}}],"collection":[{"href":"https:\/\/gud-zwingenberg.de\/index.php?rest_route=\/wp\/v2\/posts"}],"about":[{"href":"https:\/\/gud-zwingenberg.de\/index.php?rest_route=\/wp\/v2\/types\/post"}],"author":[{"embeddable":true,"href":"https:\/\/gud-zwingenberg.de\/index.php?rest_route=\/wp\/v2\/users\/2"}],"replies":[{"embeddable":true,"href":"https:\/\/gud-zwingenberg.de\/index.php?rest_route=%2Fwp%2Fv2%2Fcomments&post=1009"}],"version-history":[{"count":15,"href":"https:\/\/gud-zwingenberg.de\/index.php?rest_route=\/wp\/v2\/posts\/1009\/revisions"}],"predecessor-version":[{"id":1025,"href":"https:\/\/gud-zwingenberg.de\/index.php?rest_route=\/wp\/v2\/posts\/1009\/revisions\/1025"}],"wp:attachment":[{"href":"https:\/\/gud-zwingenberg.de\/index.php?rest_route=%2Fwp%2Fv2%2Fmedia&parent=1009"}],"wp:term":[{"taxonomy":"category","embeddable":true,"href":"https:\/\/gud-zwingenberg.de\/index.php?rest_route=%2Fwp%2Fv2%2Fcategories&post=1009"},{"taxonomy":"post_tag","embeddable":true,"href":"https:\/\/gud-zwingenberg.de\/index.php?rest_route=%2Fwp%2Fv2%2Ftags&post=1009"}],"curies":[{"name":"wp","href":"https:\/\/api.w.org\/{rel}","templated":true}]}}